{"id":5394,"date":"2025-04-30T15:20:47","date_gmt":"2025-04-30T12:20:47","guid":{"rendered":"https:\/\/www.yetkinbayer.com\/?p=5394"},"modified":"2025-12-12T11:21:15","modified_gmt":"2025-12-12T08:21:15","slug":"stefano-accorsi-ha-un-trapianto-di-capelli","status":"publish","type":"post","link":"https:\/\/www.yetkinbayer.com\/it\/stefano-accorsi-ha-un-trapianto-di-capelli\/","title":{"rendered":"Stefano Accorsi ha un trapianto di capelli"},"content":{"rendered":"<div id=\"ez-toc-container\" class=\"ez-toc-v2_0_80 counter-flat ez-toc-counter ez-toc-grey ez-toc-container-direction\">\n<div class=\"ez-toc-title-container\">\n<p class=\"ez-toc-title\" style=\"cursor:inherit\">Table of Contents<\/p>\n<span class=\"ez-toc-title-toggle\"><a href=\"#\" class=\"ez-toc-pull-right ez-toc-btn ez-toc-btn-xs ez-toc-btn-default ez-toc-toggle\" aria-label=\"Toggle Table of Content\"><span class=\"ez-toc-js-icon-con\"><span class=\"\"><span class=\"eztoc-hide\" style=\"display:none;\">Toggle<\/span><span class=\"ez-toc-icon-toggle-span\"><svg style=\"fill: #999;color:#999\" xmlns=\"http:\/\/www.w3.org\/2000\/svg\" class=\"list-377408\" width=\"20px\" height=\"20px\" viewBox=\"0 0 24 24\" fill=\"none\"><path d=\"M6 6H4v2h2V6zm14 0H8v2h12V6zM4 11h2v2H4v-2zm16 0H8v2h12v-2zM4 16h2v2H4v-2zm16 0H8v2h12v-2z\" fill=\"currentColor\"><\/path><\/svg><svg style=\"fill: #999;color:#999\" class=\"arrow-unsorted-368013\" xmlns=\"http:\/\/www.w3.org\/2000\/svg\" width=\"10px\" height=\"10px\" viewBox=\"0 0 24 24\" version=\"1.2\" baseProfile=\"tiny\"><path d=\"M18.2 9.3l-6.2-6.3-6.2 6.3c-.2.2-.3.4-.3.7s.1.5.3.7c.2.2.4.3.7.3h11c.3 0 .5-.1.7-.3.2-.2.3-.5.3-.7s-.1-.5-.3-.7zM5.8 14.7l6.2 6.3 6.2-6.3c.2-.2.3-.5.3-.7s-.1-.5-.3-.7c-.2-.2-.4-.3-.7-.3h-11c-.3 0-.5.1-.7.3-.2.2-.3.5-.3.7s.1.5.3.7z\"\/><\/svg><\/span><\/span><\/span><\/a><\/span><\/div>\n<nav><ul class='ez-toc-list ez-toc-list-level-1 eztoc-toggle-hide-by-default' ><li class='ez-toc-page-1'><a class=\"ez-toc-link ez-toc-heading-1\" href=\"#\" data-href=\"https:\/\/www.yetkinbayer.com\/it\/stefano-accorsi-ha-un-trapianto-di-capelli\/#Stefano_Accorsi_ha_subito_un_trapianto_di_capelli\" >Stefano Accorsi ha subito un trapianto di capelli?<\/a><\/li><li class='ez-toc-page-1'><a class=\"ez-toc-link ez-toc-heading-2\" href=\"#\" data-href=\"https:\/\/www.yetkinbayer.com\/it\/stefano-accorsi-ha-un-trapianto-di-capelli\/#Procedura_estetica_maschile_Trapianto_di_capelli\" >Procedura estetica maschile: Trapianto di capelli<\/a><\/li><li class='ez-toc-page-1'><a class=\"ez-toc-link ez-toc-heading-3\" href=\"#\" data-href=\"https:\/\/www.yetkinbayer.com\/it\/stefano-accorsi-ha-un-trapianto-di-capelli\/#Chi_e_Stefano_Accorsi\" >Chi \u00e8 Stefano Accorsi<\/a><\/li><li class='ez-toc-page-1'><a class=\"ez-toc-link ez-toc-heading-4\" href=\"#\" data-href=\"https:\/\/www.yetkinbayer.com\/it\/stefano-accorsi-ha-un-trapianto-di-capelli\/#Stefano_Accorsi_filmografia\" >Stefano Accorsi filmografia<\/a><\/li><li class='ez-toc-page-1'><a class=\"ez-toc-link ez-toc-heading-5\" href=\"#\" data-href=\"https:\/\/www.yetkinbayer.com\/it\/stefano-accorsi-ha-un-trapianto-di-capelli\/#Qual_e_il_film_piu_popolare_di_Stefano_Accorsi\" >Qual \u00e8 il film pi\u00f9 popolare di Stefano Accorsi?<\/a><\/li><li class='ez-toc-page-1'><a class=\"ez-toc-link ez-toc-heading-6\" href=\"#\" data-href=\"https:\/\/www.yetkinbayer.com\/it\/stefano-accorsi-ha-un-trapianto-di-capelli\/#Quanto_e_stimato_il_patrimonio_netto_di_Stefano_Accorsi\" >Quanto \u00e8 stimato il patrimonio netto di Stefano Accorsi?<\/a><\/li><li class='ez-toc-page-1'><a class=\"ez-toc-link ez-toc-heading-7\" href=\"#\" data-href=\"https:\/\/www.yetkinbayer.com\/it\/stefano-accorsi-ha-un-trapianto-di-capelli\/#Dove_ha_fatto_il_trapianto_di_capelli_Stefano_Accorsi\" >Dove ha fatto il trapianto di capelli Stefano Accorsi?<\/a><\/li><li class='ez-toc-page-1'><a class=\"ez-toc-link ez-toc-heading-8\" href=\"#\" data-href=\"https:\/\/www.yetkinbayer.com\/it\/stefano-accorsi-ha-un-trapianto-di-capelli\/#Quanto_ha_pagato_Stefano_Accorsi_per_il_trapianto_di_capelli\" >Quanto ha pagato Stefano Accorsi per il trapianto di capelli?<\/a><\/li><\/ul><\/nav><\/div>\n<h3><span class=\"ez-toc-section\" id=\"Stefano_Accorsi_ha_subito_un_trapianto_di_capelli\"><\/span>Stefano Accorsi ha subito un trapianto di capelli?<span class=\"ez-toc-section-end\"><\/span><\/h3>\n<p>Se il famoso attore Stefano Accorsi si sia sottoposto a un trapianto di capelli \u00e8 uno degli argomenti pi\u00f9 curiosi degli ultimi tempi. L&#8217;aspetto pieno e voluminoso dei capelli del bell&#8217;attore ha recentemente attirato l&#8217;attenzione di molte persone e si sono moltiplicate le voci sul fatto che abbia subito un trapianto di capelli.<\/p>\n<h3><span class=\"ez-toc-section\" id=\"Procedura_estetica_maschile_Trapianto_di_capelli\"><\/span>Procedura estetica maschile: Trapianto di capelli<span class=\"ez-toc-section-end\"><\/span><\/h3>\n<p>Il trapianto di capelli, estremamente popolare tra le celebrit\u00e0 maschili negli ultimi 10 anni, non \u00e8 pi\u00f9 una procedura eseguita solo da uomini calvi. \u00c8 anche una procedura cosmetica preferita dagli uomini con capelli leggermente radi o da quelli che vogliono ottenere un aspetto pi\u00f9 mascolino abbassando un po&#8217; la linea frontale dei capelli.<\/p>\n<h3><span class=\"ez-toc-section\" id=\"Chi_e_Stefano_Accorsi\"><\/span>Chi \u00e8 Stefano Accorsi<span class=\"ez-toc-section-end\"><\/span><\/h3>\n<p>Stefano Accorsi \u00e8 un attore italiano, noto per la sua versatilit\u00e0 nella recitazione in teatro, cinema e televisione. Nato il 2 marzo 1971 a Bologna, ha intrapreso il suo percorso di attore dopo essersi diplomato alla Scuola di Teatro di Bologna nel 1993. Nel corso degli anni, Accorsi non si \u00e8 limitato a calcare il palcoscenico, ma ha anche dato un contributo significativo all&#8217;industria cinematografica, distinguendosi per i vari ruoli che gli sono valsi il plauso. Oltre alla carriera di attore, Stefano Accorsi ha assunto il ruolo di Direttore Artistico della Fondazione Teatro della Toscana.<\/p>\n<p><a href=\"https:\/\/yetkinbayer.com\/wp-content\/uploads\/2022\/04\/stefano-accorsi-photos.jpg\" target=\"_blank\" rel=\"noopener\"><img loading=\"lazy\" decoding=\"async\" class=\"alignnone size-gallery wp-image-208571\" src=\"https:\/\/yetkinbayer.com\/wp-content\/uploads\/2022\/04\/stefano-accorsi-photos-800x684.jpg\" alt=\"\" width=\"800\" height=\"684\" \/><\/a><\/p>\n<h3 class=\"LC20lb MBeuO DKV0Md\"><span class=\"ez-toc-section\" id=\"Stefano_Accorsi_filmografia\"><\/span>Stefano Accorsi filmografia<span class=\"ez-toc-section-end\"><\/span><\/h3>\n<p><a href=\"https:\/\/yetkinbayer.com\/wp-content\/uploads\/2022\/04\/filmografi-stefano-accorsi-1.png\" target=\"_blank\" rel=\"noopener\"><img loading=\"lazy\" decoding=\"async\" class=\"alignnone wp-image-208443 size-full\" src=\"https:\/\/yetkinbayer.com\/wp-content\/uploads\/2022\/04\/filmografi-stefano-accorsi-1.png\" alt=\"filmografi-stefano-accorsi\" width=\"568\" height=\"486\" \/><\/a><\/p>\n<h3><span class=\"ez-toc-section\" id=\"Qual_e_il_film_piu_popolare_di_Stefano_Accorsi\"><\/span>Qual \u00e8 il film pi\u00f9 popolare di Stefano Accorsi?<span class=\"ez-toc-section-end\"><\/span><\/h3>\n<p>Il film pi\u00f9 popolare di Stefano Accorsi \u00e8 &#8220;<strong>L&#8217;ultimo bacio<\/strong>&#8220;, una commedia romantica drammatica uscita nel <strong>2001<\/strong> e diretta da Gabriele Muccino. Il film \u00e8 interpretato da Stefano Accorsi, Giovanna Mezzogiorno e Stefania Sandrelli nei ruoli principali. \u00c8 stato uno dei film pi\u00f9 apprezzati del cinema italiano.<\/p>\n<p><a href=\"https:\/\/yetkinbayer.com\/wp-content\/uploads\/2022\/04\/stefano-accorsi-most-popular-movie.png\" target=\"_blank\" rel=\"noopener\"><img loading=\"lazy\" decoding=\"async\" class=\"alignnone size-full wp-image-208470\" src=\"https:\/\/yetkinbayer.com\/wp-content\/uploads\/2022\/04\/stefano-accorsi-most-popular-movie.png\" alt=\"popular-movie-of-stefano-accorsi\" width=\"837\" height=\"321\" \/><\/a><\/p>\n<h3><span class=\"ez-toc-section\" id=\"Quanto_e_stimato_il_patrimonio_netto_di_Stefano_Accorsi\"><\/span>Quanto \u00e8 stimato il patrimonio netto di Stefano Accorsi?<span class=\"ez-toc-section-end\"><\/span><\/h3>\n<p>Il patrimonio netto di Stefano Accorsi \u00e8 stimato in circa <strong>12 milioni di dollari<\/strong> nel 2026. Questa stima riflette il successo della sua carriera di attore, sia nel cinema che nel teatro italiano.<\/p>\n<h3><a href=\"https:\/\/yetkinbayer.com\/wp-content\/uploads\/2022\/04\/young-stefano-accorsi.jpg\" target=\"_blank\" rel=\"noopener\"><img loading=\"lazy\" decoding=\"async\" class=\"alignnone size-full wp-image-208544\" src=\"https:\/\/yetkinbayer.com\/wp-content\/uploads\/2022\/04\/young-stefano-accorsi.jpg\" alt=\"young-stefano-accorsi\" width=\"350\" height=\"470\" \/><\/a><\/h3>\n<h3><span class=\"ez-toc-section\" id=\"Dove_ha_fatto_il_trapianto_di_capelli_Stefano_Accorsi\"><\/span>Dove ha fatto il trapianto di capelli Stefano Accorsi?<span class=\"ez-toc-section-end\"><\/span><\/h3>\n<p>Si \u00e8 appreso che Stefano Accorsi si \u00e8 sottoposto a un trapianto di capelli a New York qualche tempo fa. Uno dei maggiori fattori di successo del trapianto di capelli \u00e8 che l&#8217;attore \u00e8 geneticamente molto adatto a questa procedura. In particolare, la morbidezza e la fronte dell&#8217;attaccatura dei capelli e l&#8217;adeguatezza della forma della testa sono tra i fattori che influenzano il successo dell&#8217;intervento.<\/p>\n<h3><span class=\"ez-toc-section\" id=\"Quanto_ha_pagato_Stefano_Accorsi_per_il_trapianto_di_capelli\"><\/span>Quanto ha pagato Stefano Accorsi per il trapianto di capelli?<span class=\"ez-toc-section-end\"><\/span><\/h3>\n<p>Si dice che l&#8217;intervento di trapianto di capelli sia costato al famoso attore una media di 25.000 dollari.<\/p>\n<p>Anche se avesse scelto un altro paese per il trapianto di capelli invece degli Stati Uniti, i risultati sarebbero stati comunque vicini alla perfezione. Inoltre, il costo del trattamento avrebbe potuto essere molto pi\u00f9 basso.<\/p>\n<p>Potete dare un&#8217;occhiata a <a href=\"https:\/\/yetkinbayer.com\/it\/cosa-influenza-nel-trapianto-capelli-il-costo.html\" target=\"_blank\" rel=\"noopener\">questo articolo per conoscere i costi<\/a> medi del trapianto di capelli per paese.<\/p>\n<p>Se volete ringiovanire e ottenere un aspetto completamente diverso con un trapianto di capelli, potete lasciarci subito i vostri dati di contatto. I nostri esperti vi raggiungeranno al pi\u00f9 presto e vi forniranno una consulenza gratuita.<\/p>\n","protected":false},"excerpt":{"rendered":"<p>Stefano Accorsi ha subito un trapianto di capelli? Se il famoso attore Stefano Accorsi si sia sottoposto a un trapianto di capelli \u00e8 uno degli argomenti pi\u00f9 curiosi degli ultimi tempi. L&#8217;aspetto pieno e voluminoso dei capelli del bell&#8217;attore ha recentemente attirato l&#8217;attenzione di molte persone e si sono moltiplicate le voci sul fatto che [&hellip;]<\/p>\n","protected":false},"author":1,"featured_media":5395,"comment_status":"closed","ping_status":"closed","sticky":false,"template":"","format":"standard","meta":{"footnotes":""},"categories":[11],"tags":[],"class_list":["post-5394","post","type-post","status-publish","format-standard","has-post-thumbnail","hentry","category-blog-it"],"_links":{"self":[{"href":"https:\/\/www.yetkinbayer.com\/it\/wp-json\/wp\/v2\/posts\/5394","targetHints":{"allow":["GET"]}}],"collection":[{"href":"https:\/\/www.yetkinbayer.com\/it\/wp-json\/wp\/v2\/posts"}],"about":[{"href":"https:\/\/www.yetkinbayer.com\/it\/wp-json\/wp\/v2\/types\/post"}],"author":[{"embeddable":true,"href":"https:\/\/www.yetkinbayer.com\/it\/wp-json\/wp\/v2\/users\/1"}],"replies":[{"embeddable":true,"href":"https:\/\/www.yetkinbayer.com\/it\/wp-json\/wp\/v2\/comments?post=5394"}],"version-history":[{"count":2,"href":"https:\/\/www.yetkinbayer.com\/it\/wp-json\/wp\/v2\/posts\/5394\/revisions"}],"predecessor-version":[{"id":10073,"href":"https:\/\/www.yetkinbayer.com\/it\/wp-json\/wp\/v2\/posts\/5394\/revisions\/10073"}],"wp:featuredmedia":[{"embeddable":true,"href":"https:\/\/www.yetkinbayer.com\/it\/wp-json\/wp\/v2\/media\/5395"}],"wp:attachment":[{"href":"https:\/\/www.yetkinbayer.com\/it\/wp-json\/wp\/v2\/media?parent=5394"}],"wp:term":[{"taxonomy":"category","embeddable":true,"href":"https:\/\/www.yetkinbayer.com\/it\/wp-json\/wp\/v2\/categories?post=5394"},{"taxonomy":"post_tag","embeddable":true,"href":"https:\/\/www.yetkinbayer.com\/it\/wp-json\/wp\/v2\/tags?post=5394"}],"curies":[{"name":"wp","href":"https:\/\/api.w.org\/{rel}","templated":true}]}}