{"id":4882,"date":"2025-04-30T12:16:07","date_gmt":"2025-04-30T09:16:07","guid":{"rendered":"https:\/\/www.yetkinbayer.com\/?p=4882"},"modified":"2025-04-30T12:16:07","modified_gmt":"2025-04-30T09:16:07","slug":"il-cappello-post-trapianto-di-capelli-quale-indossare","status":"publish","type":"post","link":"https:\/\/www.yetkinbayer.com\/it\/il-cappello-post-trapianto-di-capelli-quale-indossare\/","title":{"rendered":"Il cappello post trapianto di capelli: quale indossare? \u00a0"},"content":{"rendered":"<p>\u00c8 possibile portare il cappello post trapianto di capelli? \u00c8 questa una domanda molto frequente tra i pazienti che si sottopongono a questa operazione estetica. I pazienti di trapianto di capelli vogliono spesso nascondere il rossore e le crosticine ma anche proteggersi da fattori esterni come pioggia, neve e calore diretto. \u00c8 per loro inoltre molto importante proteggersi da polvere e sporco. Pertanto, in seguito all\u2019operazione sono molti i pazienti che vogliono portare il cappello.<\/p>\n<p>In seguito al trapianto di capelli \u00e8 importante che le zone operate (in particolare l\u2019area ricevente) non subiscano alcun tipo di trauma e che non siano sempre coperte in modo tale da permettere all cuoio capelluto di rimarginare le piccole ferite createsi con l\u2019apertura dei canali. Pertanto \u00e8 importante rispettare alcune regole riguardanti l\u2019uso del cappello post trapianto di capelli che il medico comunicher\u00e0 al paziente in seguito all\u2019operazione insieme a tutte le altre indicazioni riguardanti il comportamento e le attenzioni da usare durante <a href=\"https:\/\/www.yetkinbayer.it\/post-trapianto-capelli\/\" target=\"_blank\" rel=\"noopener\">il periodo di convalescenza<\/a>.<\/p>\n<div id=\"ez-toc-container\" class=\"ez-toc-v2_0_80 counter-flat ez-toc-counter ez-toc-grey ez-toc-container-direction\">\n<div class=\"ez-toc-title-container\">\n<p class=\"ez-toc-title\" style=\"cursor:inherit\">Table of Contents<\/p>\n<span class=\"ez-toc-title-toggle\"><a href=\"#\" class=\"ez-toc-pull-right ez-toc-btn ez-toc-btn-xs ez-toc-btn-default ez-toc-toggle\" aria-label=\"Toggle Table of Content\"><span class=\"ez-toc-js-icon-con\"><span class=\"\"><span class=\"eztoc-hide\" style=\"display:none;\">Toggle<\/span><span class=\"ez-toc-icon-toggle-span\"><svg style=\"fill: #999;color:#999\" xmlns=\"http:\/\/www.w3.org\/2000\/svg\" class=\"list-377408\" width=\"20px\" height=\"20px\" viewBox=\"0 0 24 24\" fill=\"none\"><path d=\"M6 6H4v2h2V6zm14 0H8v2h12V6zM4 11h2v2H4v-2zm16 0H8v2h12v-2zM4 16h2v2H4v-2zm16 0H8v2h12v-2z\" fill=\"currentColor\"><\/path><\/svg><svg style=\"fill: #999;color:#999\" class=\"arrow-unsorted-368013\" xmlns=\"http:\/\/www.w3.org\/2000\/svg\" width=\"10px\" height=\"10px\" viewBox=\"0 0 24 24\" version=\"1.2\" baseProfile=\"tiny\"><path d=\"M18.2 9.3l-6.2-6.3-6.2 6.3c-.2.2-.3.4-.3.7s.1.5.3.7c.2.2.4.3.7.3h11c.3 0 .5-.1.7-.3.2-.2.3-.5.3-.7s-.1-.5-.3-.7zM5.8 14.7l6.2 6.3 6.2-6.3c.2-.2.3-.5.3-.7s-.1-.5-.3-.7c-.2-.2-.4-.3-.7-.3h-11c-.3 0-.5.1-.7.3-.2.2-.3.5-.3.7s.1.5.3.7z\"\/><\/svg><\/span><\/span><\/span><\/a><\/span><\/div>\n<nav><ul class='ez-toc-list ez-toc-list-level-1 eztoc-toggle-hide-by-default' ><li class='ez-toc-page-1'><a class=\"ez-toc-link ez-toc-heading-1\" href=\"#\" data-href=\"https:\/\/www.yetkinbayer.com\/it\/il-cappello-post-trapianto-di-capelli-quale-indossare\/#Perche_usare_il_cappello_post_trapianto_di_capelli\" >Perch\u00e9 usare il cappello post trapianto di capelli?\u00a0<\/a><\/li><li class='ez-toc-page-1'><a class=\"ez-toc-link ez-toc-heading-2\" href=\"#\" data-href=\"https:\/\/www.yetkinbayer.com\/it\/il-cappello-post-trapianto-di-capelli-quale-indossare\/#Lutilizzo_del_cappello_post_trapianto_di_capelli\" >L\u2019utilizzo del cappello post trapianto di capelli\u00a0<\/a><\/li><li class='ez-toc-page-1'><a class=\"ez-toc-link ez-toc-heading-3\" href=\"#\" data-href=\"https:\/\/www.yetkinbayer.com\/it\/il-cappello-post-trapianto-di-capelli-quale-indossare\/#I_primi_tre_giorni\" >I primi tre giorni\u00a0<\/a><\/li><li class='ez-toc-page-1'><a class=\"ez-toc-link ez-toc-heading-4\" href=\"#\" data-href=\"https:\/\/www.yetkinbayer.com\/it\/il-cappello-post-trapianto-di-capelli-quale-indossare\/#Dal_decimo_giorno\" >Dal decimo giorno\u00a0<\/a><\/li><li class='ez-toc-page-1'><a class=\"ez-toc-link ez-toc-heading-5\" href=\"#\" data-href=\"https:\/\/www.yetkinbayer.com\/it\/il-cappello-post-trapianto-di-capelli-quale-indossare\/#Dopo_il_primo_mese\" >Dopo il primo mese\u00a0<\/a><\/li><\/ul><\/nav><\/div>\n<h2><span class=\"ez-toc-section\" id=\"Perche_usare_il_cappello_post_trapianto_di_capelli\"><\/span><strong>Perch\u00e9 usare il cappello post trapianto di capelli?\u00a0<\/strong><span class=\"ez-toc-section-end\"><\/span><\/h2>\n<p>Il cappello aiuter\u00e0 il paziente a proteggere l\u2019area ricevente da alcuni fattori che potrebbero andare a danneggiare l\u2019area ricevente come raggi solari diretti, polvere, smog, umidit\u00e0, calore diretto etc. Proteggere la zona del <a href=\"https:\/\/www.yetkinbayer.it\/trapianto-capelli-dopo-un-mese\/\" target=\"_blank\" rel=\"noopener\">trapianto di capelli dopo un mese<\/a> \u00e8 importante ed aiuter\u00e0 ad ottenere risultati soddisfacenti. Inoltre molti pazienti scelgono di indossare il cappello post trapianto di capelli per coprire il rossore e <a href=\"https:\/\/www.yetkinbayer.it\/caduta-crosticine-dopo-trapianto-di-capelli\/\" target=\"_blank\" rel=\"noopener\">le crosticine<\/a> che si presentano in seguito all\u2019intervento e durano qualche settimana. Indossare il capello post trapianto di capelli non \u00e8 sconsigliato ma nel farlo vi sono tempi e modalit\u00e0 da rispettare per evitare di danneggiare il risultato dell\u2019operazione. Occorre pertanto seguire sempre le indicazioni che il medico specialista dar\u00e0 a riguardo.<\/p>\n<h2><span class=\"ez-toc-section\" id=\"Lutilizzo_del_cappello_post_trapianto_di_capelli\"><\/span><strong>L\u2019utilizzo del cappello post trapianto di capelli\u00a0<\/strong><span class=\"ez-toc-section-end\"><\/span><\/h2>\n<p>Usare il cappello post <a href=\"https:\/\/yetkinbayer.com\/it\" target=\"_blank\" rel=\"noopener\">trapianto di capelli<\/a> ha sicuramente dei gran vantaggi ma occorre avere attenzione ed usarlo seguendo alla lettera le indicazioni del medico. Usare il cappello subito dopo l\u2019operazione potrebbe danneggiare le unit\u00e0 follicolari appena trapiantate e non permetterebbe alla cute di prendere area correttamente.<\/p>\n<p>I primi tre giorni dal trapianto di capelli il paziente non deve indossare alcun tipo di capello. Dal terzo giorno pu\u00f2 indossare un cappello fornito con il kit medico il giorno dell\u2019operazione. Dal decimo giorno il paziente potr\u00e0 cominciare ad indossare un cappello diverso da quello dato in dotazione dall\u2019equipe medica ma con un tessuto leggero e che permetta alla pelle di respirare.<strong>\u00a0<\/strong><\/p>\n<h3><span class=\"ez-toc-section\" id=\"I_primi_tre_giorni\"><\/span><strong>I primi tre giorni\u00a0<\/strong><span class=\"ez-toc-section-end\"><\/span><\/h3>\n<p>Per i primi due giorni seguenti il trapianto di capelli il paziente non dovr\u00e0 indossare alcun tipo di capello post trapianto di capelli. L\u2019area donatrice deve essere lasciata all\u2019aperto poch\u00e9 le graft non sono ancora ben salde nei canali e un qualsiasi tipo di urto o trauma potrebbe causarne la fuoriusita compromettendo il risultato del trapianto stesso. Dopo aver effettuato il lavaggio che andr\u00e0 a prelevare pian piano di volta in volta le crosticine di sangue, il paziente potr\u00e0 indossare dal terzo giorno solamente un capello particolare che trover\u00e0 in dotazione nel kit medico che gli verr\u00e0 fornito in ospedale o eventualmente il capello alla pescatora ma sempre di larghe dimensioni in modo che non stringa sull\u2019area ricevente che \u00e8 appena stata operata e quindi molto delicata. Grazie a questo cappello, infatti, protegger\u00e0 la zona neo trapiantata da urti, calore diretto, polvere e qualsiasi altro tipo di agente esterno che potrebbe andare a danneggiare le unit\u00e0 follicolari trapiantate.<\/p>\n<h3><span class=\"ez-toc-section\" id=\"Dal_decimo_giorno\"><\/span><strong>Dal decimo giorno\u00a0<\/strong><span class=\"ez-toc-section-end\"><\/span><\/h3>\n<p>Dal decimo giorno successivo all\u2019operazione sar\u00e0 data al paziente la possibilit\u00e0 di indossare un cappello che sia diverso da quello dato in dotazione dall\u2019equipe medica il giorno del trapianto. Questo cappello post trapianto di capelli dovr\u00e0 essere per\u00f2 di un tessuto che non vada a far sudare la pelle e che non provochi irritazioni. Il capello post trapianto di capelli, pertanto, dal decimo giorno successivo l\u2019intervento potr\u00e0 essere un capello di cotone che non sia eccessivamente aderente o stretto (sono consigliati ad esempio i capelli con la visiera). Utilizzando un cappello che non sia troppo stretto, si andr\u00e0 ad evitare che di strofinare il tessuto contro le unit\u00e0 follicolari da poco trapiantate e quindi non ancora stabili nei canali. Un colpo maldestro andrebbe infatti a provocare la fuoriuscita del capello dal canale e il risultato dell\u2019operazione verrebbe irrimediabilmente compromesso. Dal decimo giorno pertanto sar\u00e0 possibile utilizzare un cappello post trapianto di capelli ma solamente qualora corrisponda alla descrizione data dal medico curante e non deve comunque essere usato tutto il giorno: si deve cercare di lasciare l\u2019area donatrice il pi\u00f9 possibile all\u2019area aperta sopratutto se ci si trova in un ambiente chiuso.<\/p>\n<h3><span class=\"ez-toc-section\" id=\"Dopo_il_primo_mese\"><\/span><strong>Dopo il primo mese\u00a0<\/strong><span class=\"ez-toc-section-end\"><\/span><\/h3>\n<p>Dopo il primo mese il paziente potr\u00e0 ormai indossare qualsiasi tipo di cappello desideri. Le crosticine di sangue saranno infatti ormai totalmente cadute, la pelle nuova avr\u00e0 preso il posto di quella vecchia e le unit\u00e0 follicolari saranno stabili nei canali e pertanto non correranno il rischio di fuoriuscire danneggiando il risultato del trapianto. Pertanto dal questo momento in poi non si correr\u00e0 pi\u00f9 il rischio di fuoriuscita dai canali dei capelli a causa di botte o sfregamenti e di conseguenza al paziente sar\u00e0 possibile indossare il tipo di cappello del tessuto e della forma desiderata cos\u00ec come il casco da moto dandogli cos\u00ec la possibilit\u00e0 di fare un passo in pi\u00f9 verso il ritorno alla vita di sempre che aveva prima dell\u2019operazione.<\/p>\n<p>[sc_fs_multi_faq headline-0=&#8221;h2&#8243; question-0=&#8221;Quali cappelli si possono usare dopo il trapianto?&#8221; answer-0=&#8221;Dal terzo al decimo giorno, si pu\u00f2 usare il cappello fornito dalla clinica. Dal decimo al 30esimo giorno un cappello con visiera largo e di cotone. Dal 30esimo giorno si pu\u00f2 usare ogni tipo di copricapo. &#8221; image-0=&#8221;&#8221; count=&#8221;1&#8243; html=&#8221;true&#8221; css_class=&#8221;&#8221;]<\/p>\n","protected":false},"excerpt":{"rendered":"<p>\u00c8 possibile portare il cappello post trapianto di capelli? \u00c8 questa una domanda molto frequente tra i pazienti che si sottopongono a questa operazione estetica. I pazienti di trapianto di capelli vogliono spesso nascondere il rossore e le crosticine ma anche proteggersi da fattori esterni come pioggia, neve e calore diretto. \u00c8 per loro inoltre [&hellip;]<\/p>\n","protected":false},"author":1,"featured_media":4883,"comment_status":"closed","ping_status":"closed","sticky":false,"template":"","format":"standard","meta":{"footnotes":""},"categories":[11],"tags":[],"class_list":["post-4882","post","type-post","status-publish","format-standard","has-post-thumbnail","hentry","category-blog-it"],"_links":{"self":[{"href":"https:\/\/www.yetkinbayer.com\/it\/wp-json\/wp\/v2\/posts\/4882","targetHints":{"allow":["GET"]}}],"collection":[{"href":"https:\/\/www.yetkinbayer.com\/it\/wp-json\/wp\/v2\/posts"}],"about":[{"href":"https:\/\/www.yetkinbayer.com\/it\/wp-json\/wp\/v2\/types\/post"}],"author":[{"embeddable":true,"href":"https:\/\/www.yetkinbayer.com\/it\/wp-json\/wp\/v2\/users\/1"}],"replies":[{"embeddable":true,"href":"https:\/\/www.yetkinbayer.com\/it\/wp-json\/wp\/v2\/comments?post=4882"}],"version-history":[{"count":1,"href":"https:\/\/www.yetkinbayer.com\/it\/wp-json\/wp\/v2\/posts\/4882\/revisions"}],"predecessor-version":[{"id":4896,"href":"https:\/\/www.yetkinbayer.com\/it\/wp-json\/wp\/v2\/posts\/4882\/revisions\/4896"}],"wp:featuredmedia":[{"embeddable":true,"href":"https:\/\/www.yetkinbayer.com\/it\/wp-json\/wp\/v2\/media\/4883"}],"wp:attachment":[{"href":"https:\/\/www.yetkinbayer.com\/it\/wp-json\/wp\/v2\/media?parent=4882"}],"wp:term":[{"taxonomy":"category","embeddable":true,"href":"https:\/\/www.yetkinbayer.com\/it\/wp-json\/wp\/v2\/categories?post=4882"},{"taxonomy":"post_tag","embeddable":true,"href":"https:\/\/www.yetkinbayer.com\/it\/wp-json\/wp\/v2\/tags?post=4882"}],"curies":[{"name":"wp","href":"https:\/\/api.w.org\/{rel}","templated":true}]}}