{"id":4746,"date":"2025-04-30T11:51:47","date_gmt":"2025-04-30T08:51:47","guid":{"rendered":"https:\/\/www.yetkinbayer.com\/?p=4746"},"modified":"2025-04-30T11:51:47","modified_gmt":"2025-04-30T08:51:47","slug":"la-dermatite-seborroica-e-la-caduta-dei-capelli","status":"publish","type":"post","link":"https:\/\/www.yetkinbayer.com\/it\/la-dermatite-seborroica-e-la-caduta-dei-capelli\/","title":{"rendered":"La dermatite seborroica e la caduta dei capelli\u00a0"},"content":{"rendered":"<p>La dermatite seborroica \u00e8 una infiammazione della pelle che ne comporta la morte e un\u2019abnormale ed eccessiva secrezione di sebo. Essa pu\u00f2 presentarsi in diverse parti del corpo. Qualora si presenti sul capo, pu\u00f2 essere causa di calvizie causata dall\u2019eccessivo grattarsi del paziente. Il termine \u2018seborroica\u2019 deriva da due parole: <em>sebum<\/em> (dal latino \u201cgrass\u201do) e <em>\u03c1\u03b5\u03b9\u03bd<\/em> (in greco \u201cscorrere\u201d). Questi due termini descrivono infatti l\u2019eccessiva produzione di sebo delle ghiandole sebacee (1). In presenza di dermatite seborroica la caduta dei capelli avviene principalmente a causa della sensazione di prurito e il successivo grattarsi e dall\u2019occlusione dei pori da parte del sebo. Tale tipo di infiammazione ha cause principalmente infettive dovute alla presenza di un lievito (noto come Malasezia o Pityrosporum ovale) nei follicoli piliferi. La cura contro la dermatite seborroica \u00e8 l\u2019utilizzo di principi antifungini (farmaci per la cura di infezioni causate da funghi) e di principi antimicotici che vanno a contrastare l\u2019aumentare del lievito e dall\u2019uso di antinfiammatori che aiutano a combattere i sintomi d\u2019infiammazione.<\/p>\n<div id=\"ez-toc-container\" class=\"ez-toc-v2_0_80 counter-flat ez-toc-counter ez-toc-grey ez-toc-container-direction\">\n<div class=\"ez-toc-title-container\">\n<p class=\"ez-toc-title\" style=\"cursor:inherit\">Table of Contents<\/p>\n<span class=\"ez-toc-title-toggle\"><a href=\"#\" class=\"ez-toc-pull-right ez-toc-btn ez-toc-btn-xs ez-toc-btn-default ez-toc-toggle\" aria-label=\"Toggle Table of Content\"><span class=\"ez-toc-js-icon-con\"><span class=\"\"><span class=\"eztoc-hide\" style=\"display:none;\">Toggle<\/span><span class=\"ez-toc-icon-toggle-span\"><svg style=\"fill: #999;color:#999\" xmlns=\"http:\/\/www.w3.org\/2000\/svg\" class=\"list-377408\" width=\"20px\" height=\"20px\" viewBox=\"0 0 24 24\" fill=\"none\"><path d=\"M6 6H4v2h2V6zm14 0H8v2h12V6zM4 11h2v2H4v-2zm16 0H8v2h12v-2zM4 16h2v2H4v-2zm16 0H8v2h12v-2z\" fill=\"currentColor\"><\/path><\/svg><svg style=\"fill: #999;color:#999\" class=\"arrow-unsorted-368013\" xmlns=\"http:\/\/www.w3.org\/2000\/svg\" width=\"10px\" height=\"10px\" viewBox=\"0 0 24 24\" version=\"1.2\" baseProfile=\"tiny\"><path d=\"M18.2 9.3l-6.2-6.3-6.2 6.3c-.2.2-.3.4-.3.7s.1.5.3.7c.2.2.4.3.7.3h11c.3 0 .5-.1.7-.3.2-.2.3-.5.3-.7s-.1-.5-.3-.7zM5.8 14.7l6.2 6.3 6.2-6.3c.2-.2.3-.5.3-.7s-.1-.5-.3-.7c-.2-.2-.4-.3-.7-.3h-11c-.3 0-.5.1-.7.3-.2.2-.3.5-.3.7s.1.5.3.7z\"\/><\/svg><\/span><\/span><\/span><\/a><\/span><\/div>\n<nav><ul class='ez-toc-list ez-toc-list-level-1 eztoc-toggle-hide-by-default' ><li class='ez-toc-page-1'><a class=\"ez-toc-link ez-toc-heading-1\" href=\"#\" data-href=\"https:\/\/www.yetkinbayer.com\/it\/la-dermatite-seborroica-e-la-caduta-dei-capelli\/#Cose_la_dermatite_seborroica\" >Cos\u2019\u00e8 la dermatite seborroica?\u00a0<\/a><\/li><li class='ez-toc-page-1'><a class=\"ez-toc-link ez-toc-heading-2\" href=\"#\" data-href=\"https:\/\/www.yetkinbayer.com\/it\/la-dermatite-seborroica-e-la-caduta-dei-capelli\/#La_dermatite_seborroica_e_i_sintomi\" >La dermatite seborroica e i sintomi\u00a0<\/a><\/li><li class='ez-toc-page-1'><a class=\"ez-toc-link ez-toc-heading-3\" href=\"#\" data-href=\"https:\/\/www.yetkinbayer.com\/it\/la-dermatite-seborroica-e-la-caduta-dei-capelli\/#La_dermatite_e_la_caduta_dei_capelli_sono_collegate\" >La dermatite e la caduta dei capelli sono collegate?\u00a0<\/a><\/li><li class='ez-toc-page-1'><a class=\"ez-toc-link ez-toc-heading-4\" href=\"#\" data-href=\"https:\/\/www.yetkinbayer.com\/it\/la-dermatite-seborroica-e-la-caduta-dei-capelli\/#In_caso_di_dermatite_seborroica_i_capelli_ricrescono\" >In caso di dermatite seborroica i capelli ricrescono?\u00a0<\/a><\/li><li class='ez-toc-page-1'><a class=\"ez-toc-link ez-toc-heading-5\" href=\"#\" data-href=\"https:\/\/www.yetkinbayer.com\/it\/la-dermatite-seborroica-e-la-caduta-dei-capelli\/#La_dermatite_seborroica_e_il_trapianto_capelli\" >La dermatite seborroica e il trapianto capelli\u00a0<\/a><\/li><li class='ez-toc-page-1'><a class=\"ez-toc-link ez-toc-heading-6\" href=\"#\" data-href=\"https:\/\/www.yetkinbayer.com\/it\/la-dermatite-seborroica-e-la-caduta-dei-capelli\/#Dermatite_seborroica_ai_capelli_rimedi\" >Dermatite seborroica ai capelli rimedi\u00a0<\/a><\/li><\/ul><\/nav><\/div>\n<h2><span class=\"ez-toc-section\" id=\"Cose_la_dermatite_seborroica\"><\/span><strong>Cos\u2019\u00e8 la dermatite seborroica?\u00a0<\/strong><span class=\"ez-toc-section-end\"><\/span><\/h2>\n<p>La dermatite seborroica \u00e8 un\u2019infiammazione che va colpire i capillari creando una produzione eccessiva di sebo da parte delle ghiandole sebacee. Questa produzione eccessiva di sebo da parte del derma causa la caduta dei capelli. La dermatite seborroica con caduta dei capelli pu\u00f2 presentarsi sia negli adulti che nei bambini (nei primi 3 mesi di vita) e colpisce sia maschi che femmine (2). Considerando solamente soggetti adulti, gli studi hanno individuato una percentuale del 3-5% di soggetti affetti da questa patologia (3). Questo fenomeno \u00e8 causato dalla presenza nei capillari dei follicoli piliferi di un lievito noto come Malasezia o Pityrosporum ovale. Per combattere la dermatite seborroica il medico prescrive solitamente degli antinfiammatori (che andranno a combattere i segni dell\u2019infiammazione stessa) e dei principi antifungini. In caso di dermatite seborroica la caduta dei capelli (o dei peli) pu\u00f2 presentarsi in diverse zone del corpo quali:<\/p>\n<ul>\n<li>Schiena;<\/li>\n<li>Ascelle;<\/li>\n<li>Inguine;<\/li>\n<li><a href=\"https:\/\/yetkinbayer.com\/it\/il-trapianto-di-sopracciglia.html\" target=\"_blank\" rel=\"noopener\">Sopracciglia<\/a>;<\/li>\n<li>Cuoio capelluto;<\/li>\n<li>Area circostante gli occhi ed il naso;<\/li>\n<li>Petto;<\/li>\n<\/ul>\n<h3><span class=\"ez-toc-section\" id=\"La_dermatite_seborroica_e_i_sintomi\"><\/span><strong>La dermatite seborroica e i sintomi\u00a0<\/strong><span class=\"ez-toc-section-end\"><\/span><\/h3>\n<p>I sintomi che manifestano la presenza di dermatite seborroica con caduta dei capelli sono diversi. Tra questi possiamo citare come principali:<\/p>\n<ul>\n<li>Desquamazione della pelle;<\/li>\n<li>Prurito;<\/li>\n<li>Forfora secca;<\/li>\n<li>Caduta dei capelli;<\/li>\n<li>Eritema;<\/li>\n<\/ul>\n<p>In caso di pazienti affetti da malattie come HIV o immunocompromessi, pazienti con malattie neurologiche, ansioso-depressive o Parkinson questi sintomi si manifestano solitamente in maniera molto pi\u00f9 marcata con lesioni che si estendono maggiormente e anche oltre le aree solitamente colpite.<\/p>\n<p>I sintomi della dermatite seborroica con caduta dei calli sono molto visibili e, qualora il paziente ne sia affetto, occorre rivolgersi immediatamente al medico curante. Questo, dopo essersi accertato attraverso un\u2019accurata visita che si tratti di dermatite seborroica con caduta dei capelli, provveder\u00e0 immediatamente a prescrivere la cura pi\u00f9 adatta al caso.<\/p>\n<h2><span class=\"ez-toc-section\" id=\"La_dermatite_e_la_caduta_dei_capelli_sono_collegate\"><\/span><strong>La dermatite e la caduta dei capelli sono collegate?\u00a0<\/strong><span class=\"ez-toc-section-end\"><\/span><\/h2>\n<p>La dermatite seborroica e la caduta dei capelli non hanno un collegamento diretto tuttavia una delle conseguenze di questa patologia \u00e8 proprio la perdita di capelli. A causa del gran prurito, infatti, il paziente tener\u00e0 a grattarsi molto e ci\u00f2 andr\u00e0 ad indebolire i capelli provocandone la caduta. Inoltre l\u2019eccessiva produzione di sebo e in s\u00e9 una causa di caduta dei capelli. Curare la dermatite seborroica sin dal sorgere dei suoi primi sintomi e pertanto molto importante anche al fine di prevenire la caduta dei capelli.<\/p>\n<h3><span class=\"ez-toc-section\" id=\"In_caso_di_dermatite_seborroica_i_capelli_ricrescono\"><\/span><strong>In caso di dermatite seborroica i capelli ricrescono?\u00a0<\/strong><span class=\"ez-toc-section-end\"><\/span><\/h3>\n<p>In caso di dermatite seborroica con caduta dei capelli qualora le cure vengano effettuate correttamente e secondo l\u2019indirizzo del medico il paziente vedr\u00e0 i capelli ricrescere e tornare sani. Eliminare questa infiammazione del sistema capillare aiuta ad evitare che la pelle si desquami creando prurito. Il paziente, non grattandosi, non andr\u00e0 a far indebolire la radice dei capelli e questi non cadranno. Curare questa patologia fin dal principio \u00e8 molto importante. Pertanto al sorgere dei primi sintomi occorre recarsi immediatamente dal medico curante che in seguito alla formulazione della diagnosi fornir\u00e0 la cura pi\u00f9 adatta al caso. La dermatite seborroica non \u00e8 una patologia permanente e se curata pu\u00f2 guarire non lasciando pi\u00f9 segni. I pazienti affetti da questa malattia non incombono necessariamente nella caduta dei capelli poich\u00e9 dipende dal grado di avanzamento che essa ha e dall\u2019intensit\u00e0 con la quale il paziente tender\u00e0 a grattarsi.<\/p>\n<h2><span class=\"ez-toc-section\" id=\"La_dermatite_seborroica_e_il_trapianto_capelli\"><\/span><strong>La dermatite seborroica e il trapianto capelli\u00a0<\/strong><span class=\"ez-toc-section-end\"><\/span><\/h2>\n<p>In caso di dermatite seborroica la caduta dei capelli pu\u00f2 essere risolta con il trapianto di capelli? Il <a href=\"https:\/\/yetkinbayer.com\/it\" target=\"_blank\" rel=\"noopener\">trapianto di capelli<\/a> non viene utilizzato per risolvere la caduta di capelli da dermatite seborroica poich\u00e9 per risolverla basta eliminare la causa ovvero la dermatite seborroica stessa. Qualora il paziente sia affetto da calvizie ed anche da dermatite seborroica sul capo, prima di effettuare il trapianto dovr\u00e0 curare questa patologia ed attendere che sia totalmente guarita per poi procedere con l\u2019intervento. L\u2019operazione pertanto verr\u00e0 eseguita secondo il suo classico rituale senza alcuna variazione.<\/p>\n<h2><span class=\"ez-toc-section\" id=\"Dermatite_seborroica_ai_capelli_rimedi\"><\/span><strong>Dermatite seborroica ai capelli rimedi\u00a0<\/strong><span class=\"ez-toc-section-end\"><\/span><\/h2>\n<p>La dermatite seborroica con caduta dei capelli \u00e8 un\u2019infiammazione dei capillari dei bulbi piliferi causata da un fungo noto come Malasezia o Pityrosporum ovale. A causa di questa patologia avviene una produzione di sebo eccessiva da parte delle ghiandole sebacee che va a provocare la caduta dei capelli. Oltretutto appaiono eritemi e croste che causano gran prurito. Per contrastare la dermatite seborroica con caduta dei capelli si pu\u00f2 agire in due diverse maniere: con medicinali o con rimedi naturali.<\/p>\n<p>Riguardo la cura con medicinali possiamo elencare:<\/p>\n<ul>\n<li>Utilizzo di antinfiammatori (per combattere l\u2019infiammazione che si viene a creare nei capillari);<\/li>\n<li>Utilizzo di antifungini (per combattere la presenza del lievito causa della dermatite seborroica con capelli);<\/li>\n<\/ul>\n<p>Per quanto riguarda i rimedi naturali alla dermatite seborroica con caduta dei capelli si possono utilizzare:<\/p>\n<ul>\n<li>Olio di borragine: viene applicato localmente ed aiuta a ravvivare la pelle danneggiata grazie all\u2019acido linoleico in esso contenuto;<\/li>\n<li>Crab apple: ha propriet\u00e0 antinfiammatorie ed emollienti ed \u00e8 utilizzato per curare malattie di origine psicosomatica;<\/li>\n<li>Bardana: d\u00e0 sollievo alla pelle e gode di grandi propriet\u00e0 depurative;<\/li>\n<li>Aloe vera: questa pianta ha grandi propriet\u00e0 antinfiammatorie ed aiuta a far diminuire rossore e desquamazione<\/li>\n<li>Ginko Biloba: ha effetto sull\u2019atrofia dei capillari che causano la dermatite seborroica.<\/li>\n<li>Echinacea: prodotto naturale immunostimolante noto anche per essere antibatterico e antimicrobico;<\/li>\n<\/ul>\n<p>Prima di scegliere di utilizzare un qualsiasi tipo di cura o rimedio, occorre sottoporsi al controllo medico ed eventualmente ad un esame del cuoio capelluto. Solo dopo aver effettuato tutti i controlli del caso si potr\u00e0 cominciare una cura ma sempre sotto consiglio medico.<\/p>\n<p><strong>Domande sulla Dermatite Seborroica<br \/>\n<\/strong><\/p>\n<ol>\n<li><strong><em>Alopecia seborroica e ricrescita capelli, \u00e8 possibile? \u00a0<\/em><\/strong>S\u00ec, \u00e8 possibile!<\/li>\n<li><strong><i>La Dermatite pu\u00f2 ripresentarsi dopo le cure? <\/i><\/strong>S\u00ec, possono esserci nuove\u00a0manifestazioni di D.S.<\/li>\n<li><em><strong>La D.S. \u00e8 curabile? <\/strong><\/em>Certo, \u00e8 possibile curare la D.S.<\/li>\n<\/ol>\n<p>&nbsp;<\/p>\n<p>&nbsp;<\/p>\n<ul>\n<li>Bruno F., <em>La Dermatite Seborroica<\/em>, Cap. 3, Pag. 13, 2008 <a href=\"https:\/\/www.researchgate.net\/profile\/Annalisa_Patrizi\/publication\/268030973_DERMATITE_SEBORROICA\/links\/54931f230cf22d7925d92a10\/DERMATITE-SEBORROICA.pdf#page=15\" target=\"_blank\" rel=\"noopener\">Https:\/\/Www.Researchgate.Net\/Profile\/Annalisa_Patrizi\/Publication\/268030973_DERMATITE_SEBORROICA\/Links\/54931f230cf22d7925d92a10\/DERMATITE-SEBORROICA.Pdf#Page=15<\/a><\/li>\n<li>Neri I., Raone B., Patriz A., Clinica Della Dermatite Seborroica, Dermatite Seborroica Infantile, Vol. 6 (1), Pag. 31, 2008 <a href=\"https:\/\/www.researchgate.net\/profile\/Annalisa_Patrizi\/publication\/268030973_DERMATITE_SEBORROICA\/links\/54931f230cf22d7925d92a10\/DERMATITE-SEBORROICA.pdf#page=33\" target=\"_blank\" rel=\"noopener\">Https:\/\/Www.Researchgate.Net\/Profile\/Annalisa_Patrizi\/Publication\/268030973_DERMATITE_SEBORROICA\/Links\/54931f230cf22d7925d92a10\/DERMATITE-SEBORROICA.Pdf#Page=33<\/a><\/li>\n<li>Lo Scocco G., Epidemiologia Della Dermatite Seborroica, Dermatite Seborroica, Vol. 4, Pag. 19, 2008. <a href=\"https:\/\/www.researchgate.net\/profile\/Annalisa_Patrizi\/publication\/268030973_DERMATITE_SEBORROICA\/links\/54931f230cf22d7925d92a10\/DERMATITE-SEBORROICA.pdf#page=33\" target=\"_blank\" rel=\"noopener\">https:\/\/www.researchgate.net\/profile\/Annalisa_Patrizi\/publication\/268030973_DERMATITE_SEBORROICA\/links\/54931f230cf22d7925d92a10\/DERMATITE-SEBORROICA.pdf#page=21<\/a><\/li>\n<\/ul>\n","protected":false},"excerpt":{"rendered":"<p>La dermatite seborroica \u00e8 una infiammazione della pelle che ne comporta la morte e un\u2019abnormale ed eccessiva secrezione di sebo. Essa pu\u00f2 presentarsi in diverse parti del corpo. Qualora si presenti sul capo, pu\u00f2 essere causa di calvizie causata dall\u2019eccessivo grattarsi del paziente. Il termine \u2018seborroica\u2019 deriva da due parole: sebum (dal latino \u201cgrass\u201do) e [&hellip;]<\/p>\n","protected":false},"author":1,"featured_media":4747,"comment_status":"closed","ping_status":"closed","sticky":false,"template":"","format":"standard","meta":{"footnotes":""},"categories":[11],"tags":[],"class_list":["post-4746","post","type-post","status-publish","format-standard","has-post-thumbnail","hentry","category-blog-it"],"_links":{"self":[{"href":"https:\/\/www.yetkinbayer.com\/it\/wp-json\/wp\/v2\/posts\/4746","targetHints":{"allow":["GET"]}}],"collection":[{"href":"https:\/\/www.yetkinbayer.com\/it\/wp-json\/wp\/v2\/posts"}],"about":[{"href":"https:\/\/www.yetkinbayer.com\/it\/wp-json\/wp\/v2\/types\/post"}],"author":[{"embeddable":true,"href":"https:\/\/www.yetkinbayer.com\/it\/wp-json\/wp\/v2\/users\/1"}],"replies":[{"embeddable":true,"href":"https:\/\/www.yetkinbayer.com\/it\/wp-json\/wp\/v2\/comments?post=4746"}],"version-history":[{"count":1,"href":"https:\/\/www.yetkinbayer.com\/it\/wp-json\/wp\/v2\/posts\/4746\/revisions"}],"predecessor-version":[{"id":4760,"href":"https:\/\/www.yetkinbayer.com\/it\/wp-json\/wp\/v2\/posts\/4746\/revisions\/4760"}],"wp:featuredmedia":[{"embeddable":true,"href":"https:\/\/www.yetkinbayer.com\/it\/wp-json\/wp\/v2\/media\/4747"}],"wp:attachment":[{"href":"https:\/\/www.yetkinbayer.com\/it\/wp-json\/wp\/v2\/media?parent=4746"}],"wp:term":[{"taxonomy":"category","embeddable":true,"href":"https:\/\/www.yetkinbayer.com\/it\/wp-json\/wp\/v2\/categories?post=4746"},{"taxonomy":"post_tag","embeddable":true,"href":"https:\/\/www.yetkinbayer.com\/it\/wp-json\/wp\/v2\/tags?post=4746"}],"curies":[{"name":"wp","href":"https:\/\/api.w.org\/{rel}","templated":true}]}}