{"id":2978,"date":"2024-02-17T23:20:45","date_gmt":"2024-02-17T20:20:45","guid":{"rendered":"https:\/\/www.yetkinbayer.com\/toppik-after-hair-transplant\/"},"modified":"2025-04-29T12:56:11","modified_gmt":"2025-04-29T09:56:11","slug":"le-toppik-apres-la-greffe-de-cheveux","status":"publish","type":"post","link":"https:\/\/www.yetkinbayer.com\/fr\/le-toppik-apres-la-greffe-de-cheveux\/","title":{"rendered":"LE TOPPIK APR\u00c8S LA GREFFE DE CHEVEUX"},"content":{"rendered":"<p><span style=\"font-weight: 400;\">bien que certains m\u00e9decins ne le recommandent pas, le toppik apr\u00e8s la greffe de cheveux n&rsquo;est pas nocif. contrairement \u00e0 ce que l&rsquo;on sait, ces produits ne causent pas beaucoup de dommages \u00e0 vos cheveux. vous n&rsquo;avez qu&rsquo;\u00e0 vous laver les cheveux <a href=\"https:\/\/yetkinbayer.com\/fr\/photos-avant-apres-une-greffe-de-cheveux.html\" target=\"_blank\" rel=\"noopener\">avant<\/a> de dormir. de plus, vous ne devez pas trop frotter vos cheveux, en particulier vos racines de cheveux. s&rsquo;il n&rsquo;est pas n\u00e9cessaire de gratter les cheveux lors de la greffe de cheveux, les cheveux peuvent \u00eatre camoufl\u00e9s avec les cheveux restants. les correcteurs tels que le toppik ne peuvent \u00eatre utilis\u00e9s qu&rsquo;apr\u00e8s le septi\u00e8me jour. si vous allez transplanter avec la proc\u00e9dure fut ou <a href=\"https:\/\/yetkinbayer.com\/fr\/la-technique-fue\" target=\"_blank\" rel=\"noopener\">fue<\/a> en dessous de 1500 greffons, allongez vos cheveux.<\/span><\/p>\n<div id=\"ez-toc-container\" class=\"ez-toc-v2_0_82_2 counter-flat ez-toc-counter ez-toc-grey ez-toc-container-direction\">\n<div class=\"ez-toc-title-container\">\n<p class=\"ez-toc-title\" style=\"cursor:inherit\">Table of Contents<\/p>\n<span class=\"ez-toc-title-toggle\"><a href=\"#\" class=\"ez-toc-pull-right ez-toc-btn ez-toc-btn-xs ez-toc-btn-default ez-toc-toggle\" aria-label=\"Toggle Table of Content\"><span class=\"ez-toc-js-icon-con\"><span class=\"\"><span class=\"eztoc-hide\" style=\"display:none;\">Toggle<\/span><span class=\"ez-toc-icon-toggle-span\"><svg style=\"fill: #999;color:#999\" xmlns=\"http:\/\/www.w3.org\/2000\/svg\" class=\"list-377408\" width=\"20px\" height=\"20px\" viewBox=\"0 0 24 24\" fill=\"none\"><path d=\"M6 6H4v2h2V6zm14 0H8v2h12V6zM4 11h2v2H4v-2zm16 0H8v2h12v-2zM4 16h2v2H4v-2zm16 0H8v2h12v-2z\" fill=\"currentColor\"><\/path><\/svg><svg style=\"fill: #999;color:#999\" class=\"arrow-unsorted-368013\" xmlns=\"http:\/\/www.w3.org\/2000\/svg\" width=\"10px\" height=\"10px\" viewBox=\"0 0 24 24\" version=\"1.2\" baseProfile=\"tiny\"><path d=\"M18.2 9.3l-6.2-6.3-6.2 6.3c-.2.2-.3.4-.3.7s.1.5.3.7c.2.2.4.3.7.3h11c.3 0 .5-.1.7-.3.2-.2.3-.5.3-.7s-.1-.5-.3-.7zM5.8 14.7l6.2 6.3 6.2-6.3c.2-.2.3-.5.3-.7s-.1-.5-.3-.7c-.2-.2-.4-.3-.7-.3h-11c-.3 0-.5.1-.7.3-.2.2-.3.5-.3.7s.1.5.3.7z\"\/><\/svg><\/span><\/span><\/span><\/a><\/span><\/div>\n<nav><ul class='ez-toc-list ez-toc-list-level-1 eztoc-toggle-hide-by-default' ><li class='ez-toc-page-1'><a class=\"ez-toc-link ez-toc-heading-1\" href=\"#\" data-href=\"https:\/\/www.yetkinbayer.com\/fr\/le-toppik-apres-la-greffe-de-cheveux\/#_puis-je_utiliser_toppik_apres_une_greffe_de_cheveux\" >\u00a0puis-je utiliser toppik apr\u00e8s une greffe de cheveux ?<\/a><\/li><li class='ez-toc-page-1'><a class=\"ez-toc-link ez-toc-heading-2\" href=\"#\" data-href=\"https:\/\/www.yetkinbayer.com\/fr\/le-toppik-apres-la-greffe-de-cheveux\/#quand_peut-on_utiliser_les_fibres_capillaires_apres_la_greffe_de_cheveux\" >quand peut-on utiliser les fibres capillaires apr\u00e8s la greffe de cheveux ?<\/a><\/li><li class='ez-toc-page-1'><a class=\"ez-toc-link ez-toc-heading-3\" href=\"#\" data-href=\"https:\/\/www.yetkinbayer.com\/fr\/le-toppik-apres-la-greffe-de-cheveux\/#le_toppik_interfere-t-il_avec_la_croissance_des_cheveux\" >le toppik interf\u00e8re-t-il avec la croissance des cheveux ?<\/a><\/li><li class='ez-toc-page-1'><a class=\"ez-toc-link ez-toc-heading-4\" href=\"#\" data-href=\"https:\/\/www.yetkinbayer.com\/fr\/le-toppik-apres-la-greffe-de-cheveux\/#le_toppik_affecte-t-il_la_croissance_des_cheveux\" >le toppik affecte-t-il la croissance des cheveux ?<\/a><\/li><\/ul><\/nav><\/div>\n<h2><span class=\"ez-toc-section\" id=\"_puis-je_utiliser_toppik_apres_une_greffe_de_cheveux\"><\/span><span style=\"font-weight: 400;\">\u00a0<\/span><strong>puis-je utiliser toppik apr\u00e8s une greffe de cheveux ?<\/strong><span class=\"ez-toc-section-end\"><\/span><\/h2>\n<p><span style=\"font-weight: 400;\">toppik lui donne un aspect \u00e9pais en l&rsquo;enveloppant dans des m\u00e8ches de cheveux, mais son effet est plus visible car il peint la peau. parce que la diff\u00e9rence entre la couleur de la peau et des cheveux diminue lorsque la peau est cari\u00e9e avec un topique, cela r\u00e9duit l&rsquo;apparence chauve, en particulier dans la zone du pic. le toppik apr\u00e8s la <a href=\"https:\/\/yetkinbayer.com\/fr\" target=\"_blank\" rel=\"noopener\">greffe de cheveux<\/a> est possible.<\/span><span style=\"font-weight: 400;\">\u00a0<\/span><\/p>\n<h2><span class=\"ez-toc-section\" id=\"quand_peut-on_utiliser_les_fibres_capillaires_apres_la_greffe_de_cheveux\"><\/span><strong>quand peut-on utiliser les fibres capillaires apr\u00e8s la greffe de cheveux ?<\/strong><span class=\"ez-toc-section-end\"><\/span><\/h2>\n<p><span style=\"font-weight: 400;\">dans la m\u00e9thode fue, les follicules pileux sont retir\u00e9s un par un sur le c\u00f4t\u00e9 ou \u00e0 l&rsquo;arri\u00e8re de la t\u00eate du patient, puis transplant\u00e9s dans la zone chauve. dans la m\u00e9thode <a href=\"https:\/\/yetkinbayer.com\/fr\/greffe-de-cheveux-fut-en-turquie.html\" target=\"_blank\" rel=\"noopener\">fut<\/a>, une bande de peau velue est retir\u00e9e de la zone donneuse du cuir chevelu. dans les deux sens, la haute technologie est utilis\u00e9e pour atteindre une efficacit\u00e9 maximale. cependant, apr\u00e8s l&rsquo;op\u00e9ration, les follicules pileux seront sensibles \u00e0 tout changement. pour cette raison, vous devez \u00eatre tr\u00e8s prudent pendant une semaine ou deux jusqu&rsquo;\u00e0 ce que les follicules pileux soient bien attach\u00e9s au cuir chevelu. selon les chirurgiens plasticiens, vous devez laisser le temps \u00e0 vos nouveaux cheveux de pousser. vous ne devez pas utiliser de fibres capillaires pendant au moins deux \u00e0 trois semaines apr\u00e8s l&rsquo;op\u00e9ration de greffe de cheveux. vous pouvez avoir une zone tr\u00e8s chauve apr\u00e8s l&rsquo;op\u00e9ration. vous souhaitez vous couvrir de fibres capillaires, mais faites attention aux conseils du m\u00e9decin.<\/span><span style=\"font-weight: 400;\">\u00a0<\/span><\/p>\n<h2><span class=\"ez-toc-section\" id=\"le_toppik_interfere-t-il_avec_la_croissance_des_cheveux\"><\/span><strong>le toppik interf\u00e8re-t-il avec la croissance des cheveux ?<\/strong><span class=\"ez-toc-section-end\"><\/span><\/h2>\n<p><span style=\"font-weight: 400;\">toppik ne cr\u00e9e pas une situation comme la perte de cheveux g\u00e9n\u00e9tique. ce n&rsquo;est que parce qu&rsquo;il ferme les follicules pileux pendant une longue p\u00e9riode et laisse les follicules pileux sans air qu&rsquo;il existe une possibilit\u00e9 d&rsquo;effet de perte de cheveux. nous pensons que cette situation provoque une perte de cheveux beaucoup plus minime. en d&rsquo;autres termes, la perte de cheveux peut \u00eatre minime pour ceux qui ont du toppik dans les cheveux depuis longtemps, car les follicules pileux ne respirent pas. certaines personnes interpr\u00e8tent cela comme une acc\u00e9l\u00e9ration de la chute des cheveux. seuls ceux qui utilisent du toppik sur leurs cheveux dans des zones tr\u00e8s \u00e9troites n&rsquo;ont presque aucun effet de perte de cheveux. parce que les follicules pileux dans d&rsquo;autres r\u00e9gions re\u00e7oivent de l&rsquo;air et sont utilis\u00e9s \u00e0 tr\u00e8s peu de points, cette situation est extr\u00eamement rare. la possibilit\u00e9 de perte de cheveux est extr\u00eamement r\u00e9duite chez les personnes qui lavent leurs cheveux tous les jours et l&rsquo;utilisent pendant une courte p\u00e9riode. en d&rsquo;autres termes, il y a une petite possibilit\u00e9 de perte de cheveux en cons\u00e9quence, bien que la survenue de cette situation d\u00e9pende un peu de l&rsquo;utilisation de la personne. de plus, il n&rsquo;y a pas de r\u00e8gle claire selon laquelle tout le monde aura une perte de cheveux.<\/span><span style=\"font-weight: 400;\">\u00a0<\/span><\/p>\n<h2><span class=\"ez-toc-section\" id=\"le_toppik_affecte-t-il_la_croissance_des_cheveux\"><\/span><strong>le toppik affecte-t-il la croissance des cheveux ?<\/strong><span class=\"ez-toc-section-end\"><\/span><\/h2>\n<p><span style=\"font-weight: 400;\">non, ce n&rsquo;est pas le cas. le toppik n&rsquo;a aucun effet sur la chute des cheveux de la m\u00eame mani\u00e8re que la sciure de bois. la perte de cheveux n&rsquo;est pas caus\u00e9e par les follicules de la t\u00eate, et les restreindre n&rsquo;est pas un probl\u00e8me, cependant le toppik ne bouche en aucun cas les trous. le flux sanguin au niveau de la tige du cheveu fournit des nutriments aux cheveux. essayez lllt et prp si vos cheveux tombent toujours malgr\u00e9 votre programme de traitement. de plus, les fibres capillaires toppik n&rsquo;ont aucun effet sur le d\u00e9veloppement des cheveux. les brins de k\u00e9ratine naturelle ne rempliront pas les pores et ne provoqueront pas d&rsquo;irritation de la t\u00eate.<\/span><\/p>\n","protected":false},"excerpt":{"rendered":"<p>bien que certains m\u00e9decins ne le recommandent pas, le toppik apr\u00e8s la greffe de cheveux n&rsquo;est pas nocif. contrairement \u00e0 ce que l&rsquo;on sait, ces produits ne causent pas beaucoup de dommages \u00e0 vos cheveux. vous n&rsquo;avez qu&rsquo;\u00e0 vous laver les cheveux avant de dormir. de plus, vous ne devez pas trop frotter vos cheveux, [&hellip;]<\/p>\n","protected":false},"author":1,"featured_media":3254,"comment_status":"open","ping_status":"open","sticky":false,"template":"","format":"standard","meta":{"footnotes":""},"categories":[10],"tags":[],"class_list":["post-2978","post","type-post","status-publish","format-standard","has-post-thumbnail","hentry","category-blogue"],"_links":{"self":[{"href":"https:\/\/www.yetkinbayer.com\/fr\/wp-json\/wp\/v2\/posts\/2978","targetHints":{"allow":["GET"]}}],"collection":[{"href":"https:\/\/www.yetkinbayer.com\/fr\/wp-json\/wp\/v2\/posts"}],"about":[{"href":"https:\/\/www.yetkinbayer.com\/fr\/wp-json\/wp\/v2\/types\/post"}],"author":[{"embeddable":true,"href":"https:\/\/www.yetkinbayer.com\/fr\/wp-json\/wp\/v2\/users\/1"}],"replies":[{"embeddable":true,"href":"https:\/\/www.yetkinbayer.com\/fr\/wp-json\/wp\/v2\/comments?post=2978"}],"version-history":[{"count":2,"href":"https:\/\/www.yetkinbayer.com\/fr\/wp-json\/wp\/v2\/posts\/2978\/revisions"}],"predecessor-version":[{"id":2980,"href":"https:\/\/www.yetkinbayer.com\/fr\/wp-json\/wp\/v2\/posts\/2978\/revisions\/2980"}],"wp:featuredmedia":[{"embeddable":true,"href":"https:\/\/www.yetkinbayer.com\/fr\/wp-json\/wp\/v2\/media\/3254"}],"wp:attachment":[{"href":"https:\/\/www.yetkinbayer.com\/fr\/wp-json\/wp\/v2\/media?parent=2978"}],"wp:term":[{"taxonomy":"category","embeddable":true,"href":"https:\/\/www.yetkinbayer.com\/fr\/wp-json\/wp\/v2\/categories?post=2978"},{"taxonomy":"post_tag","embeddable":true,"href":"https:\/\/www.yetkinbayer.com\/fr\/wp-json\/wp\/v2\/tags?post=2978"}],"curies":[{"name":"wp","href":"https:\/\/api.w.org\/{rel}","templated":true}]}}