{"id":4497,"date":"2025-04-30T10:09:03","date_gmt":"2025-04-30T07:09:03","guid":{"rendered":"https:\/\/www.yetkinbayer.com\/?p=4497"},"modified":"2025-04-30T10:09:03","modified_gmt":"2025-04-30T07:09:03","slug":"espinillas-despues-del-injerto-capilar","status":"publish","type":"post","link":"https:\/\/www.yetkinbayer.com\/es\/espinillas-despues-del-injerto-capilar\/","title":{"rendered":"ESPINILLAS DESPU\u00c9S DEL INJERTO CAPILAR"},"content":{"rendered":"<p><span style=\"font-weight: 400;\">Aunque las espinillas despu\u00e9s de la cirug\u00eda de injerto capilar se deben a varias razones, la causa principal suele ser la ca\u00edda del pelo por el choque que sufren. El problema de las espinillas despu\u00e9s del injerto capilar puede ocurrir un desprendimiento por choque despu\u00e9s del injerto capilar. El problema del acn\u00e9 despu\u00e9s del trasplante de cabello dura de 4 a 5 meses en promedio. El problema de las espinillas despu\u00e9s del injerto capilar no se observa en todas las personas que se someten a un implante capilar. En algunas personas estas espinillas son muy notorias, en otras son menos visibles y otras no se ven en absoluto.<\/span><span style=\"font-weight: 400;\"> Los pr<\/span><span style=\"font-weight: 400;\">oblemas de las espinillas pueden aparecer tanto en el \u00e1rea donante como en el \u00e1rea del trasplante. No debe preocuparse por estos problemas de acn\u00e9, que se consideran una reacci\u00f3n natural de la cirug\u00eda de trasplante.<\/span><\/p>\n<div id=\"ez-toc-container\" class=\"ez-toc-v2_0_80 counter-flat ez-toc-counter ez-toc-grey ez-toc-container-direction\">\n<div class=\"ez-toc-title-container\">\n<p class=\"ez-toc-title\" style=\"cursor:inherit\">Table of Contents<\/p>\n<span class=\"ez-toc-title-toggle\"><a href=\"#\" class=\"ez-toc-pull-right ez-toc-btn ez-toc-btn-xs ez-toc-btn-default ez-toc-toggle\" aria-label=\"Alternar tabla de contenidos\"><span class=\"ez-toc-js-icon-con\"><span class=\"\"><span class=\"eztoc-hide\" style=\"display:none;\">Toggle<\/span><span class=\"ez-toc-icon-toggle-span\"><svg style=\"fill: #999;color:#999\" xmlns=\"http:\/\/www.w3.org\/2000\/svg\" class=\"list-377408\" width=\"20px\" height=\"20px\" viewBox=\"0 0 24 24\" fill=\"none\"><path d=\"M6 6H4v2h2V6zm14 0H8v2h12V6zM4 11h2v2H4v-2zm16 0H8v2h12v-2zM4 16h2v2H4v-2zm16 0H8v2h12v-2z\" fill=\"currentColor\"><\/path><\/svg><svg style=\"fill: #999;color:#999\" class=\"arrow-unsorted-368013\" xmlns=\"http:\/\/www.w3.org\/2000\/svg\" width=\"10px\" height=\"10px\" viewBox=\"0 0 24 24\" version=\"1.2\" baseProfile=\"tiny\"><path d=\"M18.2 9.3l-6.2-6.3-6.2 6.3c-.2.2-.3.4-.3.7s.1.5.3.7c.2.2.4.3.7.3h11c.3 0 .5-.1.7-.3.2-.2.3-.5.3-.7s-.1-.5-.3-.7zM5.8 14.7l6.2 6.3 6.2-6.3c.2-.2.3-.5.3-.7s-.1-.5-.3-.7c-.2-.2-.4-.3-.7-.3h-11c-.3 0-.5.1-.7.3-.2.2-.3.5-.3.7s.1.5.3.7z\"\/><\/svg><\/span><\/span><\/span><\/a><\/span><\/div>\n<nav><ul class='ez-toc-list ez-toc-list-level-1 eztoc-toggle-hide-by-default' ><li class='ez-toc-page-1'><a class=\"ez-toc-link ez-toc-heading-1\" href=\"#\" data-href=\"https:\/\/www.yetkinbayer.com\/es\/espinillas-despues-del-injerto-capilar\/#%C2%BFPor_que_se_forman_granos_alrededor_del_pelo\" >\u00bfPor qu\u00e9 se forman granos alrededor del pelo?<\/a><\/li><li class='ez-toc-page-1'><a class=\"ez-toc-link ez-toc-heading-2\" href=\"#\" data-href=\"https:\/\/www.yetkinbayer.com\/es\/espinillas-despues-del-injerto-capilar\/#%C2%BFPor_que_me_salen_granos_despues_del_injerto_capilar\" >\u00bfPor qu\u00e9 me salen granos despu\u00e9s del injerto capilar?<\/a><\/li><li class='ez-toc-page-1'><a class=\"ez-toc-link ez-toc-heading-3\" href=\"#\" data-href=\"https:\/\/www.yetkinbayer.com\/es\/espinillas-despues-del-injerto-capilar\/#%C2%BFSon_normales_las_espinillas_despues_del_injerto_capilar\" >\u00bfSon normales las espinillas despu\u00e9s del injerto capilar?<\/a><\/li><li class='ez-toc-page-1'><a class=\"ez-toc-link ez-toc-heading-4\" href=\"#\" data-href=\"https:\/\/www.yetkinbayer.com\/es\/espinillas-despues-del-injerto-capilar\/#%C2%BFEsta_bien_reventar_las_espinillas_despues_del_injerto_capilar\" >\u00bfEst\u00e1 bien reventar las espinillas despu\u00e9s del injerto capilar?<\/a><\/li><li class='ez-toc-page-1'><a class=\"ez-toc-link ez-toc-heading-5\" href=\"#\" data-href=\"https:\/\/www.yetkinbayer.com\/es\/espinillas-despues-del-injerto-capilar\/#%C2%BFCuanto_duran_las_espinillas_despues_del_injerto_capilar\" >\u00bfCu\u00e1nto duran las espinillas despu\u00e9s del injerto capilar?<\/a><\/li><li class='ez-toc-page-1'><a class=\"ez-toc-link ez-toc-heading-6\" href=\"#\" data-href=\"https:\/\/www.yetkinbayer.com\/es\/espinillas-despues-del-injerto-capilar\/#%C2%BFComo_tratar_las_espinillas_despues_de_la_cirugia_de_injerto_capilar\" >\u00bfC\u00f3mo tratar las espinillas despu\u00e9s de la cirug\u00eda de injerto capilar?<\/a><\/li><\/ul><\/nav><\/div>\n<h2><span class=\"ez-toc-section\" id=\"%C2%BFPor_que_se_forman_granos_alrededor_del_pelo\"><\/span><b>\u00bfPor qu\u00e9 se forman granos alrededor del pelo?<\/b><span class=\"ez-toc-section-end\"><\/span><\/h2>\n<p><span style=\"font-weight: 400;\">La secreci\u00f3n causada por las gl\u00e1ndulas seb\u00e1ceas en el cuerpo est\u00e1 conectada a las ra\u00edces del pelo y los conductos del pelo, y los poros se bloquean debido a una lubricaci\u00f3n excesiva en el cuero cabelludo. La inflamaci\u00f3n se produce cuando el cuero cabelludo no puede respirar y as\u00ed es como se produce el acn\u00e9.<\/span><\/p>\n<h2><span class=\"ez-toc-section\" id=\"%C2%BFPor_que_me_salen_granos_despues_del_injerto_capilar\"><\/span><b>\u00bfPor qu\u00e9 me salen granos despu\u00e9s del injerto capilar?<\/b><span class=\"ez-toc-section-end\"><\/span><\/h2>\n<p><span style=\"font-weight: 400;\">Debido a que el trasplante de injertos de pelo requiere hacer peque\u00f1os cortes en el tejido, aparecen granos de manera natural en el cuero cabelludo. Cuando se coloca un injerto de pelo, tiene el potencial de crecer de nuevo, ya que tiene la capacidad de adherirse nuevamente a la piel en un corto per\u00edodo de tiempo, este proceso puede provocar irritaci\u00f3n. Eventualmente, como un proceso normal de curaci\u00f3n, emerge este acn\u00e9 en la cabeza. Adem\u00e1s, el agua tibia es una t\u00e9cnica ideal para calmar y limpiar los poros. Los pacientes no deben preocuparse si solo se desarrollan unos pocos bultos; sin embargo, si se acompa\u00f1an de inflamaci\u00f3n, enrojecimiento o dolor, deben acudir al m\u00e9dico inmediatamente.<\/span><\/p>\n<h2><span class=\"ez-toc-section\" id=\"%C2%BFSon_normales_las_espinillas_despues_del_injerto_capilar\"><\/span><b>\u00bfSon normales las espinillas despu\u00e9s del injerto capilar?<\/b><span class=\"ez-toc-section-end\"><\/span><\/h2>\n<p><span style=\"font-weight: 400;\">Uno de los problemas que se encontrar\u00e1 despu\u00e9s de un <a href=\"https:\/\/yetkinbayer.com\/es\" target=\"_blank\" rel=\"noopener\">injerto capilar<\/a> es el problema de las espinillas que aparecen despu\u00e9s del trasplante. Aunque este es un problema que se espera del proceso posoperatorio, puede ser necesario tomar algunas precauciones si este avanza. Pueden aparecer espinillas tras el injerto capilar en el \u00e1rea donante. Estas espinillas se pueden ver en el \u00e1rea donante dentro de las 2-4 semanas posteriores a la operaci\u00f3n de injerto capilar. Debe informar al m\u00e9dico cuando haya un problema con las espinillas o vea que hay irregularidades. El m\u00e9dico recomienda varios medicamentos para que el paciente pase el problema de las espinillas. Junto con el uso de estos medicamentos, es posible sobrepasar el per\u00edodo de las espinillas despu\u00e9s del injerto capilar de una manera mucho m\u00e1s c\u00f3moda. Si hay enrojecimiento e inflamaci\u00f3n en el \u00e1rea intervenida de manera relevante, el m\u00e9dico debe ser informado directamente sobre el problema.<\/span><\/p>\n<h2><span class=\"ez-toc-section\" id=\"%C2%BFEsta_bien_reventar_las_espinillas_despues_del_injerto_capilar\"><\/span><b>\u00bfEst\u00e1 bien reventar las espinillas despu\u00e9s del injerto capilar?<\/b><span class=\"ez-toc-section-end\"><\/span><\/h2>\n<p><span style=\"font-weight: 400;\">La respuesta es un \u201cNo\u201d rotundo. No deber\u00eda hacer esto por su cuenta. Tenga presente que todo lo que haga despu\u00e9s de la cirug\u00eda definitivamente necesita la aprobaci\u00f3n del m\u00e9dico o podr\u00eda lastimar las ra\u00edces implantadas. Las espinillas despu\u00e9s del injerto capilar son un proceso normal, pero debe hacerse un seguimiento de su evoluci\u00f3n. Preste atenci\u00f3n al tama\u00f1o de los granos y si estos le producen dolor<\/span><span style=\"font-weight: 400;\">. Aplicar comp<\/span><span style=\"font-weight: 400;\">resas de agua caliente sobre el \u00e1rea propensa al acn\u00e9 ayuda a que las espinillas se encojan. Si las espinillas que aparecen despu\u00e9s del injerto capilar <\/span><span style=\"font-weight: 400;\">se ag<\/span><span style=\"font-weight: 400;\">randan gradualmente, se hinchan y duelen, el m\u00e9dico ha de extraer el pus con una aguja limpia. El acn\u00e9 despu\u00e9s del injerto capilar desaparece aproximadamente 4-5 meses despu\u00e9s de que los fol\u00edculos pilosos trasplantados comienzan a crecer en el cuero cabelludo. El per\u00edodo de recuperaci\u00f3n var\u00eda seg\u00fan el cuerpo de la persona, pero es muy importante que la persona tenga los cuidados necesarios.<\/span><\/p>\n<h2><span class=\"ez-toc-section\" id=\"%C2%BFCuanto_duran_las_espinillas_despues_del_injerto_capilar\"><\/span><b>\u00bfCu\u00e1nto duran las espinillas despu\u00e9s del injerto capilar?<\/b><span class=\"ez-toc-section-end\"><\/span><\/h2>\n<p><span style=\"font-weight: 400;\">El per\u00edodo posterior a la ca\u00edda de pelo por el choque es el per\u00edodo de tiempo m\u00e1s intenso. Otro per\u00edodo observado es el per\u00edodo en el que termina la formaci\u00f3n de costras que se produce despu\u00e9s de las operaciones de injerto capilar. Las espinillas pueden aparecer en las primeras semanas despu\u00e9s del trasplante o pueden aparecer m\u00e1s tarde. El injerto capilar y la extracci\u00f3n de fol\u00edculos pilosos del \u00e1rea tambi\u00e9n causar\u00e1n una serie de p\u00e9rdida de pelo. Ser\u00eda m\u00e1s \u00fatil buscar formas de aliviar estos problemas que prevenir esta situaci\u00f3n. Porque prevenir esto no es posible en los primeros meses, y su \u00fanico tratamiento es esperar que pasen al menos dos meses del injerto capilar. No debes olvidar nunca que esto es un proceso com\u00fan.<\/span><\/p>\n<h2><span class=\"ez-toc-section\" id=\"%C2%BFComo_tratar_las_espinillas_despues_de_la_cirugia_de_injerto_capilar\"><\/span><b>\u00bfC\u00f3mo tratar las espinillas despu\u00e9s de la cirug\u00eda de injerto capilar?<\/b><span class=\"ez-toc-section-end\"><\/span><\/h2>\n<p><span style=\"font-weight: 400;\">Existen ciertos tratamientos para las espinillas del cuero cabelludo despu\u00e9s del injerto capilar. Si el grano muestra ser una espinilla blanca sobre la lesi\u00f3n, el paciente puede usar una aguja esterilizada para hacer una peque\u00f1a incisi\u00f3n sobre la lesi\u00f3n y as\u00ed retirar suavemente el pus. Es muy dif\u00edcil evitar estos efectos secundarios despu\u00e9s del injerto capilar y no existe un m\u00e9todo para determinar si un paciente desarrollar\u00e1 foliculitis. Para evitar el acn\u00e9 del cuero cabelludo despu\u00e9s de la restauraci\u00f3n del pelo, se recomienda a los pacientes que mantengan el cuero cabelludo muy limpio.<\/span><\/p>\n<p><strong>Referencias:<\/strong><\/p>\n<p><a href=\"https:\/\/dru.com\/is-it-normal-to-see-pimples-after-a-hair-transplant-why-does-this-happen\/\" target=\"_blank\" rel=\"noopener\">https:\/\/dru.com\/is-it-normal-to-see-pimples-after-a-hair-transplant-why-does-this-happen\/<\/a><\/p>\n<p><a href=\"https:\/\/www.charlesmedicalgroup.com\/plastic-surgery\/how-long-do-pimples-last-after-a-hair-transplant\/\" target=\"_blank\" rel=\"noopener\">https:\/\/www.charlesmedicalgroup.com\/plastic-surgery\/how-long-do-pimples-last-after-a-hair-transplant\/<\/a><\/p>\n","protected":false},"excerpt":{"rendered":"<p>Aunque las espinillas despu\u00e9s de la cirug\u00eda de injerto capilar se deben a varias razones, la causa principal suele ser la ca\u00edda del pelo por el choque que sufren. El problema de las espinillas despu\u00e9s del injerto capilar puede ocurrir un desprendimiento por choque despu\u00e9s del injerto capilar. El problema del acn\u00e9 despu\u00e9s del trasplante [&hellip;]<\/p>\n","protected":false},"author":1,"featured_media":4498,"comment_status":"closed","ping_status":"closed","sticky":false,"template":"","format":"standard","meta":{"footnotes":""},"categories":[14],"tags":[],"class_list":["post-4497","post","type-post","status-publish","format-standard","has-post-thumbnail","hentry","category-blog"],"_links":{"self":[{"href":"https:\/\/www.yetkinbayer.com\/es\/wp-json\/wp\/v2\/posts\/4497","targetHints":{"allow":["GET"]}}],"collection":[{"href":"https:\/\/www.yetkinbayer.com\/es\/wp-json\/wp\/v2\/posts"}],"about":[{"href":"https:\/\/www.yetkinbayer.com\/es\/wp-json\/wp\/v2\/types\/post"}],"author":[{"embeddable":true,"href":"https:\/\/www.yetkinbayer.com\/es\/wp-json\/wp\/v2\/users\/1"}],"replies":[{"embeddable":true,"href":"https:\/\/www.yetkinbayer.com\/es\/wp-json\/wp\/v2\/comments?post=4497"}],"version-history":[{"count":1,"href":"https:\/\/www.yetkinbayer.com\/es\/wp-json\/wp\/v2\/posts\/4497\/revisions"}],"predecessor-version":[{"id":4511,"href":"https:\/\/www.yetkinbayer.com\/es\/wp-json\/wp\/v2\/posts\/4497\/revisions\/4511"}],"wp:featuredmedia":[{"embeddable":true,"href":"https:\/\/www.yetkinbayer.com\/es\/wp-json\/wp\/v2\/media\/4498"}],"wp:attachment":[{"href":"https:\/\/www.yetkinbayer.com\/es\/wp-json\/wp\/v2\/media?parent=4497"}],"wp:term":[{"taxonomy":"category","embeddable":true,"href":"https:\/\/www.yetkinbayer.com\/es\/wp-json\/wp\/v2\/categories?post=4497"},{"taxonomy":"post_tag","embeddable":true,"href":"https:\/\/www.yetkinbayer.com\/es\/wp-json\/wp\/v2\/tags?post=4497"}],"curies":[{"name":"wp","href":"https:\/\/api.w.org\/{rel}","templated":true}]}}