{"id":4449,"date":"2024-02-17T16:43:22","date_gmt":"2024-02-17T13:43:22","guid":{"rendered":"https:\/\/www.yetkinbayer.com\/jude-law-hair-transplant\/"},"modified":"2025-04-30T09:55:14","modified_gmt":"2025-04-30T06:55:14","slug":"transformacion-del-injerto-capilar-de-jude-law","status":"publish","type":"post","link":"https:\/\/www.yetkinbayer.com\/es\/transformacion-del-injerto-capilar-de-jude-law\/","title":{"rendered":"TRANSFORMACI\u00d3N DEL INJERTO CAPILAR DE JUDE LAW"},"content":{"rendered":"<p><span style=\"font-weight: 400;\">En primer lugar, \u00bfest\u00e1 familiarizado con los injertos capilares? de no ser as\u00ed, aqu\u00ed tienes una explicaci\u00f3n r\u00e1pida:<\/span><\/p>\n<p><span style=\"font-weight: 400;\">El injerto capilar o trasplante de pelo se explica por s\u00ed mismo, como sugiere el nombre, se trata de mover el pelo de un lugar a otro. Pero la confusi\u00f3n m\u00e1s com\u00fan podr\u00eda ser \u00bfde d\u00f3nde proviene el pelo trasplantado?<\/span><\/p>\n<p><span style=\"font-weight: 400;\">Bueno, viene de tu propio pelo, en el mundo del <a href=\"https:\/\/yetkinbayer.com\/es\" target=\"_blank\" rel=\"noopener\">injerto capilar<\/a> existen las llamadas \u00e1reas donantes, como ocurre con cualquier procedimiento de trasplante &#8230;<\/span><\/p>\n<p><span style=\"font-weight: 400;\">En un procedimiento de trasplante de pelo, usted es su donante, por lo que la p\u00e9rdida de pelo tiene una amplia gama de patrones y, a menudo, la calvicie de patr\u00f3n masculino afecta el \u00e1rea superior o la coronilla, la parte superior de la cabeza y la p\u00e9rdida de pelo puede progresar lentamente m\u00e1s adelante y Afecta a toda la cabeza, pero el 90% de las veces solo retrocede desde la l\u00ednea frontal del pelo y hacia la parte posterior de la cabeza.<\/span><\/p>\n<h2>Entonces, \u00bfqu\u00e9 pasa con todas las partes de la cabeza?<\/h2>\n<p><span style=\"font-weight: 400;\">Bueno, esa es su \u00e1rea donante de la que se extraer\u00e1 el pelo y se trasplantar\u00e1 a las \u00e1reas donde tiene pelo ralo o calvo. Eso es todo al respecto.<\/span><\/p>\n<p><span style=\"font-weight: 400;\">Ahora de regreso en la transformaci\u00f3n capilar de Jude Law,<\/span><\/p>\n<p><span style=\"font-weight: 400;\">Podemos observar las transformaciones en el pelo de Jude Law, es notorio que tuvo un interesante patr\u00f3n de p\u00e9rdida de pelo unos a\u00f1os antes de recuperar su l\u00ednea frontal de pelo completa.<\/span><\/p>\n<p><span style=\"font-weight: 400;\">Antes de adentrarnos en la p\u00e9rdida y la transformaci\u00f3n del pelo de Jude Law, saltemos un segundo y hablemos de usted. \u00bfSufre p\u00e9rdida de pelo o patrones de calvicie?<\/span><\/p>\n<p><span style=\"font-weight: 400;\">Aproveche nuestras consultas r\u00e1pidas de 5 minutos para obtener m\u00e1s informaci\u00f3n sobre la p\u00e9rdida de pelo y las mejores soluciones para recuperarlo. Es completamente gratis y todo lo que tienes que hacer es enviar tus fotos m\u00e1s recientes para recibir tu diagn\u00f3stico.<\/span><\/p>\n<h2><b>\u00bfQui\u00e9n es Jude Law?<\/b><\/h2>\n<p><span style=\"font-weight: 400;\">Jude Law es un actor brit\u00e1nico conocido por su encantadora voz suave de presentador y la interpretaci\u00f3n de personajes conocidos en los \u00e9xitos de taquilla de Hollywood, \u00a1as\u00ed como por su encanto!<\/span><\/p>\n<p><span style=\"font-weight: 400;\">Jude Law ha tenido una larga y exitosa carrera en Hollywood; puede recordarlo de King Arthur: Legend of the Sword, \u00abThe Evil Uncle\u00bb, entre otros \u00e9xitos de taquilla que van desde Marvel Studios hasta peque\u00f1as pel\u00edculas independientes.<\/span><\/p>\n<h2><b>\u00bfQu\u00e9 caus\u00f3 la ca\u00edda del pelo de Jude Law?<\/b><\/h2>\n<p><span style=\"font-weight: 400;\">A pesar de lo que analizaremos en este art\u00edculo, la \u00fanica fuente que puede dar un diagn\u00f3stico exacto es un cirujano experimentado en injerto capilar. Al mismo tiempo, algunos pueden argumentar que Jude Law no parec\u00eda haberse sometido a un injerto capilar.<\/span><\/p>\n<p><span style=\"font-weight: 400;\">Si bien el pelo de Jude Law ha pasado por muchas etapas a lo largo de los a\u00f1os, existe una transformaci\u00f3n del pelo distinta que no ser\u00eda visible sin el uso de un procedimiento de restauraci\u00f3n capilar.<\/span><\/p>\n<p><span style=\"font-weight: 400;\">As\u00ed que estaba claro que el trasplante de pelo era la \u00fanica forma de resolver el problema; sin embargo, era posible que esto fuera incorrecto. Los hair plugs son un tratamiento com\u00fan para la calvicie de patr\u00f3n masculino, pero un injerto capilar es un procedimiento permanente que se puede realizar en cualquier persona.<\/span><\/p>\n<h2><b>\u00bfJude Law se someti\u00f3 a un injerto capilar?<\/b><\/h2>\n<p><span style=\"font-weight: 400;\">No podemos decir con certeza si se someti\u00f3 a un injerto capilar porque el actor nunca ha confirmado el rumor, pero sus fotos m\u00e1s recientes muestran el trabajo de un cirujano altamente calificado que realiz\u00f3 un injerto capilar de tipo <a href=\"https:\/\/yetkinbayer.com\/es\/trasplante-de-cabello-tecnica-fue.html\" target=\"_blank\" rel=\"noopener\">Fue<\/a>.<\/span><\/p>\n<p><span style=\"font-weight: 400;\">Sin mencionar que la p\u00e9rdida de pelo de Jude Law, tambi\u00e9n conocida como calvicie de patr\u00f3n masculino, es un patr\u00f3n com\u00fan de p\u00e9rdida de pelo en el \u00e1rea de la coronilla, tambi\u00e9n conocido m\u00e9dicamente como alopecia areata. La ca\u00edda del pelo en parches es causada por la misma condici\u00f3n inmunol\u00f3gica llamada alopecia areata.<\/span><\/p>\n<p><span style=\"font-weight: 400;\">Debido a su calvicie de patr\u00f3n masculino, Jude Law parece ser un buen candidato para un injerto capilar y adem\u00e1s exitoso.<\/span><\/p>\n<p><span style=\"font-weight: 400;\">Si tiene un patr\u00f3n de p\u00e9rdida de pelo similar y se pregunta si podr\u00eda beneficiarse de un injerto capilar, considere que es un procedimiento m\u00e9dico como cualquier otro. Ciertos factores pueden impedir que una persona sea un buen candidato.<\/span><\/p>\n<p><span style=\"font-weight: 400;\">Y cualquier cirujano bueno y experimentado siempre le dir\u00e1 a su paciente si un procedimiento de injerto capilar ser\u00e1 beneficioso o no, ya que hay muchos factores a considerar al determinar si un paciente con p\u00e9rdida de pelo es un buen candidato para uno. La edad no es el \u00fanico factor.<\/span><\/p>\n<h2><b>\u00bfC\u00f3mo podemos ayudar?<\/b><\/h2>\n<p><span style=\"font-weight: 400;\">Fue un tema divertido, y si podemos volver al tema real del injerto capilar, que es algo en lo que se destaca nuestra cl\u00ednica en Turqu\u00eda, ofrecemos la tecnolog\u00eda y los m\u00e9todos m\u00e1s avanzados para la restauraci\u00f3n del injerto capilar natural.<\/span><\/p>\n<p><strong>Referencias:<\/strong><\/p>\n<p><a href=\"https:\/\/www.menshealth.com\/grooming\/g25165834\/jude-law-hair\/\" target=\"_blank\" rel=\"noopener\"><span style=\"font-weight: 400;\">https:\/\/www.menshealth.com\/grooming\/g25165834\/jude-law-hair\/<\/span><\/a><\/p>\n<p><a href=\"https:\/\/www.menshealth.com.au\/hair-loss-and-balding-causes-and-treatments\" target=\"_blank\" rel=\"noopener\"><span style=\"font-weight: 400;\">https:\/\/www.menshealth.com.au\/hair-loss-and-balding-causes-and-treatments<\/span><\/a><\/p>\n","protected":false},"excerpt":{"rendered":"<p>En primer lugar, \u00bfest\u00e1 familiarizado con los injertos capilares? de no ser as\u00ed, aqu\u00ed tienes una explicaci\u00f3n r\u00e1pida: El injerto capilar o trasplante de pelo se explica por s\u00ed mismo, como sugiere el nombre, se trata de mover el pelo de un lugar a otro. Pero la confusi\u00f3n m\u00e1s com\u00fan podr\u00eda ser \u00bfde d\u00f3nde proviene [&hellip;]<\/p>\n","protected":false},"author":1,"featured_media":4451,"comment_status":"closed","ping_status":"closed","sticky":false,"template":"","format":"standard","meta":{"footnotes":""},"categories":[14],"tags":[],"class_list":["post-4449","post","type-post","status-publish","format-standard","has-post-thumbnail","hentry","category-blog"],"_links":{"self":[{"href":"https:\/\/www.yetkinbayer.com\/es\/wp-json\/wp\/v2\/posts\/4449","targetHints":{"allow":["GET"]}}],"collection":[{"href":"https:\/\/www.yetkinbayer.com\/es\/wp-json\/wp\/v2\/posts"}],"about":[{"href":"https:\/\/www.yetkinbayer.com\/es\/wp-json\/wp\/v2\/types\/post"}],"author":[{"embeddable":true,"href":"https:\/\/www.yetkinbayer.com\/es\/wp-json\/wp\/v2\/users\/1"}],"replies":[{"embeddable":true,"href":"https:\/\/www.yetkinbayer.com\/es\/wp-json\/wp\/v2\/comments?post=4449"}],"version-history":[{"count":3,"href":"https:\/\/www.yetkinbayer.com\/es\/wp-json\/wp\/v2\/posts\/4449\/revisions"}],"predecessor-version":[{"id":4465,"href":"https:\/\/www.yetkinbayer.com\/es\/wp-json\/wp\/v2\/posts\/4449\/revisions\/4465"}],"wp:featuredmedia":[{"embeddable":true,"href":"https:\/\/www.yetkinbayer.com\/es\/wp-json\/wp\/v2\/media\/4451"}],"wp:attachment":[{"href":"https:\/\/www.yetkinbayer.com\/es\/wp-json\/wp\/v2\/media?parent=4449"}],"wp:term":[{"taxonomy":"category","embeddable":true,"href":"https:\/\/www.yetkinbayer.com\/es\/wp-json\/wp\/v2\/categories?post=4449"},{"taxonomy":"post_tag","embeddable":true,"href":"https:\/\/www.yetkinbayer.com\/es\/wp-json\/wp\/v2\/tags?post=4449"}],"curies":[{"name":"wp","href":"https:\/\/api.w.org\/{rel}","templated":true}]}}